{"id":346,"date":"2017-11-26T20:36:14","date_gmt":"2017-11-26T19:36:14","guid":{"rendered":"https:\/\/ana-carbia.de\/tanz\/de\/?p=346"},"modified":"2017-11-26T20:43:25","modified_gmt":"2017-11-26T19:43:25","slug":"eurydike-orpheus-4-fahrt-ueber-den-styx","status":"publish","type":"post","link":"https:\/\/ana-carbia.de\/tanz\/de\/eurydike-orpheus-4-fahrt-ueber-den-styx-ID-346\/","title":{"rendered":"Eurydike &#038; Orpheus 4: Fahrt \u00fcber den Styx"},"content":{"rendered":"<p>Proze\u00df &amp; Zustand auf zwei Ebenen<br \/>\nKonzertantes Theater &#8211; Theatrales Konzert<br \/>\nMusiktheatraler Proze\u00df f\u00fcr 5 T\u00e4nzerinnen, 1 Schauspielerin, 3 Schlagzeuger und Live-Video\u00fcbertragung<br \/>\nVon Stephanie Hecht<\/p>\n<p>Eurydike: Ana Carbia, Stephanie Hecht, Barbara Kastura, Julia Kleiner, Zuhal Toptas (Tanz und Stimme)<br \/>\nOrpheus: Frank Fiedler, Matthias Gassert, Stefan Streich (Schlagzeug)<br \/>\nCharon: Vera von Wilcken (Stimme)<br \/>\nVideoinstallation: Vera von Wilcken<br \/>\nMusik: Stefan Streich<br \/>\nK\u00fcnstlerische Leitung: Stephanie Hecht und Stefan Streich<\/p>\n<p>Eurydike ist an einem Schlangenbi\u00df gestorben. Orpheus versucht in die Unterwelt zu gelangen und die Geliebte zur\u00fcckzuholen. Der Totenf\u00e4hr-mann Charon weigert sich jedoch Orpheus \u00fcber den Flu\u00df Styx ins Reich der Toten zu bringen. Orpheus schl\u00e4fert Charon durch seinen Gesang ein und setzt unerlaubt \u00fcber. Es gelingt ihm also mit Hilfe seiner Kunst als Lebender den gleichen Weg zu gehen, den auch Eurydike ging.<br \/>\nDie Fahrt \u00fcber den Totenflu\u00df Styx ist ein mythologisches Bild f\u00fcr den Moment des \u00dcbergangs zwischen Leben und Tod; ein Zustand zwischen den Welten, nicht mehr richtig am einen Ort, aber auch noch nicht ganz angekommen am anderen: Wasser ist das bewegte Element und das Schiff ist der feste Boden unter den F\u00fc\u00dfen, der schwankt.<br \/>\nDie Reise verl\u00e4uft in einem Zwischenbereich, in dem das eine Bein noch im Alten, das andere aber bereits im Neuen ist. So findet sich auch die Figur des Einbeinigen oder des Verschiedenf\u00fc\u00dfigen in vielen Kulturen als Bild daf\u00fcr, zwischen den Welten zu stehen. Der christliche Teufel beispielsweise, mit seinem einen Pferdehuf stammt urspr\u00fcnglich ebenfalls aus diesem mythischen Zwischenbereich.<br \/>\nDie Bewegung vom Leben zum Tod wird oft beschrieben als ein Proze\u00df, der in mehreren Stufen verl\u00e4uft: Vom Verlust des k\u00f6rperlichen Kon-takts \u00fcber die Aufl\u00f6sung des Verstandes und des Gef\u00fchls bis hin zur Leere, die sich einverstanden erkl\u00e4rt.<br \/>\nEurydike und Orpheus gehen auf verschiedenen Wegen &#8211; sie als Tote &#8222;legal&#8220;, er als Lebender &#8222;illegal&#8220; &#8211; in die selbe Richtung. Sie bewegen sich klar, aber nahezu unmerklich zwischen hell und dunkel, oben und unten, innen und au\u00dfen, hinten und vorne, h\u00f6ren und sehen, gehen und stehen, nah und fern, Ver\u00e4nderung und Stillstand, Gleichzeitigkeit und Aufeinanderfolge, Gemachtem und Zuf\u00e4lligem.<\/p>\n<p>1999, Kunstschiff Anna, Berlin<\/p>\n","protected":false},"excerpt":{"rendered":"<p>Proze\u00df &amp; Zustand auf zwei Ebenen Konzertantes Theater &#8211; Theatrales Konzert Musiktheatraler Proze\u00df f\u00fcr 5 T\u00e4nzerinnen, 1 Schauspielerin, 3 Schlagzeuger und Live-Video\u00fcbertragung Von Stephanie Hecht Eurydike: Ana Carbia, Stephanie Hecht, [&hellip;]<\/p>\n","protected":false},"author":1,"featured_media":316,"comment_status":"open","ping_status":"open","sticky":false,"template":"","format":"standard","meta":{"footnotes":""},"categories":[8,12],"tags":[],"yoast_head":"<!-- This site is optimized with the Yoast SEO plugin v23.5 - https:\/\/yoast.com\/wordpress\/plugins\/seo\/ -->\n<title>Eurydike &amp; Orpheus 4: Fahrt \u00fcber den Styx &#187; Ana Carbia \u00bb Tanz<\/title>\n<meta name=\"robots\" content=\"index, follow, max-snippet:-1, max-image-preview:large, max-video-preview:-1\" \/>\n<link rel=\"canonical\" href=\"https:\/\/ana-carbia.de\/tanz\/de\/eurydike-orpheus-4-fahrt-ueber-den-styx-ID-346\/\" \/>\n<meta property=\"og:locale\" content=\"de_DE\" \/>\n<meta property=\"og:type\" content=\"article\" \/>\n<meta property=\"og:title\" content=\"Eurydike &amp; Orpheus 4: Fahrt \u00fcber den Styx &#187; Ana Carbia \u00bb Tanz\" \/>\n<meta property=\"og:description\" content=\"Proze\u00df &amp; Zustand auf zwei Ebenen Konzertantes Theater &#8211; Theatrales Konzert Musiktheatraler Proze\u00df f\u00fcr 5 T\u00e4nzerinnen, 1 Schauspielerin, 3 Schlagzeuger und Live-Video\u00fcbertragung Von Stephanie Hecht Eurydike: Ana Carbia, Stephanie Hecht, [&hellip;]\" \/>\n<meta property=\"og:url\" content=\"https:\/\/ana-carbia.de\/tanz\/de\/eurydike-orpheus-4-fahrt-ueber-den-styx-ID-346\/\" \/>\n<meta property=\"og:site_name\" content=\"Ana Carbia \u00bb Tanz\" \/>\n<meta property=\"article:published_time\" content=\"2017-11-26T19:36:14+00:00\" \/>\n<meta property=\"article:modified_time\" content=\"2017-11-26T19:43:25+00:00\" \/>\n<meta property=\"og:image\" content=\"https:\/\/ana-carbia.de\/tanz\/de\/wp-content\/uploads\/sites\/2\/2017\/11\/ana-carbia-de_EurydikeOrpheus_1.jpg\" \/>\n\t<meta property=\"og:image:width\" content=\"1748\" \/>\n\t<meta property=\"og:image:height\" content=\"1112\" \/>\n\t<meta property=\"og:image:type\" content=\"image\/jpeg\" \/>\n<meta name=\"author\" content=\"AnaCarbia\" \/>\n<meta name=\"twitter:card\" content=\"summary_large_image\" \/>\n<meta name=\"twitter:label1\" content=\"Verfasst von\" \/>\n\t<meta name=\"twitter:data1\" content=\"AnaCarbia\" \/>\n\t<meta name=\"twitter:label2\" content=\"Gesch\u00e4tzte Lesezeit\" \/>\n\t<meta name=\"twitter:data2\" content=\"2\u00a0Minuten\" \/>\n<script type=\"application\/ld+json\" class=\"yoast-schema-graph\">{\"@context\":\"https:\/\/schema.org\",\"@graph\":[{\"@type\":\"WebPage\",\"@id\":\"https:\/\/ana-carbia.de\/tanz\/de\/eurydike-orpheus-4-fahrt-ueber-den-styx-ID-346\/\",\"url\":\"https:\/\/ana-carbia.de\/tanz\/de\/eurydike-orpheus-4-fahrt-ueber-den-styx-ID-346\/\",\"name\":\"Eurydike & Orpheus 4: Fahrt \u00fcber den Styx &#187; Ana Carbia \u00bb Tanz\",\"isPartOf\":{\"@id\":\"https:\/\/ana-carbia.de\/tanz\/de\/#website\"},\"primaryImageOfPage\":{\"@id\":\"https:\/\/ana-carbia.de\/tanz\/de\/eurydike-orpheus-4-fahrt-ueber-den-styx-ID-346\/#primaryimage\"},\"image\":{\"@id\":\"https:\/\/ana-carbia.de\/tanz\/de\/eurydike-orpheus-4-fahrt-ueber-den-styx-ID-346\/#primaryimage\"},\"thumbnailUrl\":\"https:\/\/ana-carbia.de\/tanz\/de\/wp-content\/uploads\/sites\/2\/2017\/11\/ana-carbia-de_EurydikeOrpheus_1.jpg\",\"datePublished\":\"2017-11-26T19:36:14+00:00\",\"dateModified\":\"2017-11-26T19:43:25+00:00\",\"author\":{\"@id\":\"https:\/\/ana-carbia.de\/tanz\/de\/#\/schema\/person\/f84e13bf8200cc4ffcb102ebfb6e36ad\"},\"breadcrumb\":{\"@id\":\"https:\/\/ana-carbia.de\/tanz\/de\/eurydike-orpheus-4-fahrt-ueber-den-styx-ID-346\/#breadcrumb\"},\"inLanguage\":\"de\",\"potentialAction\":[{\"@type\":\"ReadAction\",\"target\":[\"https:\/\/ana-carbia.de\/tanz\/de\/eurydike-orpheus-4-fahrt-ueber-den-styx-ID-346\/\"]}]},{\"@type\":\"ImageObject\",\"inLanguage\":\"de\",\"@id\":\"https:\/\/ana-carbia.de\/tanz\/de\/eurydike-orpheus-4-fahrt-ueber-den-styx-ID-346\/#primaryimage\",\"url\":\"https:\/\/ana-carbia.de\/tanz\/de\/wp-content\/uploads\/sites\/2\/2017\/11\/ana-carbia-de_EurydikeOrpheus_1.jpg\",\"contentUrl\":\"https:\/\/ana-carbia.de\/tanz\/de\/wp-content\/uploads\/sites\/2\/2017\/11\/ana-carbia-de_EurydikeOrpheus_1.jpg\",\"width\":1748,\"height\":1112},{\"@type\":\"BreadcrumbList\",\"@id\":\"https:\/\/ana-carbia.de\/tanz\/de\/eurydike-orpheus-4-fahrt-ueber-den-styx-ID-346\/#breadcrumb\",\"itemListElement\":[{\"@type\":\"ListItem\",\"position\":1,\"name\":\"Startseite\",\"item\":\"https:\/\/ana-carbia.de\/tanz\/de\/\"},{\"@type\":\"ListItem\",\"position\":2,\"name\":\"Eurydike &#038; Orpheus 4: Fahrt \u00fcber den Styx\"}]},{\"@type\":\"WebSite\",\"@id\":\"https:\/\/ana-carbia.de\/tanz\/de\/#website\",\"url\":\"https:\/\/ana-carbia.de\/tanz\/de\/\",\"name\":\"Ana Carbia \u00bb Tanz\",\"description\":\"Am Anfang war alles Tanz...\",\"potentialAction\":[{\"@type\":\"SearchAction\",\"target\":{\"@type\":\"EntryPoint\",\"urlTemplate\":\"https:\/\/ana-carbia.de\/tanz\/de\/?s={search_term_string}\"},\"query-input\":{\"@type\":\"PropertyValueSpecification\",\"valueRequired\":true,\"valueName\":\"search_term_string\"}}],\"inLanguage\":\"de\"},{\"@type\":\"Person\",\"@id\":\"https:\/\/ana-carbia.de\/tanz\/de\/#\/schema\/person\/f84e13bf8200cc4ffcb102ebfb6e36ad\",\"name\":\"AnaCarbia\",\"url\":\"https:\/\/ana-carbia.de\/tanz\/de\/author\/anacarbia\/\"}]}<\/script>\n<!-- \/ Yoast SEO plugin. -->","yoast_head_json":{"title":"Eurydike & Orpheus 4: Fahrt \u00fcber den Styx &#187; Ana Carbia \u00bb Tanz","robots":{"index":"index","follow":"follow","max-snippet":"max-snippet:-1","max-image-preview":"max-image-preview:large","max-video-preview":"max-video-preview:-1"},"canonical":"https:\/\/ana-carbia.de\/tanz\/de\/eurydike-orpheus-4-fahrt-ueber-den-styx-ID-346\/","og_locale":"de_DE","og_type":"article","og_title":"Eurydike & Orpheus 4: Fahrt \u00fcber den Styx &#187; Ana Carbia \u00bb Tanz","og_description":"Proze\u00df &amp; Zustand auf zwei Ebenen Konzertantes Theater &#8211; Theatrales Konzert Musiktheatraler Proze\u00df f\u00fcr 5 T\u00e4nzerinnen, 1 Schauspielerin, 3 Schlagzeuger und Live-Video\u00fcbertragung Von Stephanie Hecht Eurydike: Ana Carbia, Stephanie Hecht, [&hellip;]","og_url":"https:\/\/ana-carbia.de\/tanz\/de\/eurydike-orpheus-4-fahrt-ueber-den-styx-ID-346\/","og_site_name":"Ana Carbia \u00bb Tanz","article_published_time":"2017-11-26T19:36:14+00:00","article_modified_time":"2017-11-26T19:43:25+00:00","og_image":[{"width":1748,"height":1112,"url":"https:\/\/ana-carbia.de\/tanz\/de\/wp-content\/uploads\/sites\/2\/2017\/11\/ana-carbia-de_EurydikeOrpheus_1.jpg","type":"image\/jpeg"}],"author":"AnaCarbia","twitter_card":"summary_large_image","twitter_misc":{"Verfasst von":"AnaCarbia","Gesch\u00e4tzte Lesezeit":"2\u00a0Minuten"},"schema":{"@context":"https:\/\/schema.org","@graph":[{"@type":"WebPage","@id":"https:\/\/ana-carbia.de\/tanz\/de\/eurydike-orpheus-4-fahrt-ueber-den-styx-ID-346\/","url":"https:\/\/ana-carbia.de\/tanz\/de\/eurydike-orpheus-4-fahrt-ueber-den-styx-ID-346\/","name":"Eurydike & Orpheus 4: Fahrt \u00fcber den Styx &#187; Ana Carbia \u00bb Tanz","isPartOf":{"@id":"https:\/\/ana-carbia.de\/tanz\/de\/#website"},"primaryImageOfPage":{"@id":"https:\/\/ana-carbia.de\/tanz\/de\/eurydike-orpheus-4-fahrt-ueber-den-styx-ID-346\/#primaryimage"},"image":{"@id":"https:\/\/ana-carbia.de\/tanz\/de\/eurydike-orpheus-4-fahrt-ueber-den-styx-ID-346\/#primaryimage"},"thumbnailUrl":"https:\/\/ana-carbia.de\/tanz\/de\/wp-content\/uploads\/sites\/2\/2017\/11\/ana-carbia-de_EurydikeOrpheus_1.jpg","datePublished":"2017-11-26T19:36:14+00:00","dateModified":"2017-11-26T19:43:25+00:00","author":{"@id":"https:\/\/ana-carbia.de\/tanz\/de\/#\/schema\/person\/f84e13bf8200cc4ffcb102ebfb6e36ad"},"breadcrumb":{"@id":"https:\/\/ana-carbia.de\/tanz\/de\/eurydike-orpheus-4-fahrt-ueber-den-styx-ID-346\/#breadcrumb"},"inLanguage":"de","potentialAction":[{"@type":"ReadAction","target":["https:\/\/ana-carbia.de\/tanz\/de\/eurydike-orpheus-4-fahrt-ueber-den-styx-ID-346\/"]}]},{"@type":"ImageObject","inLanguage":"de","@id":"https:\/\/ana-carbia.de\/tanz\/de\/eurydike-orpheus-4-fahrt-ueber-den-styx-ID-346\/#primaryimage","url":"https:\/\/ana-carbia.de\/tanz\/de\/wp-content\/uploads\/sites\/2\/2017\/11\/ana-carbia-de_EurydikeOrpheus_1.jpg","contentUrl":"https:\/\/ana-carbia.de\/tanz\/de\/wp-content\/uploads\/sites\/2\/2017\/11\/ana-carbia-de_EurydikeOrpheus_1.jpg","width":1748,"height":1112},{"@type":"BreadcrumbList","@id":"https:\/\/ana-carbia.de\/tanz\/de\/eurydike-orpheus-4-fahrt-ueber-den-styx-ID-346\/#breadcrumb","itemListElement":[{"@type":"ListItem","position":1,"name":"Startseite","item":"https:\/\/ana-carbia.de\/tanz\/de\/"},{"@type":"ListItem","position":2,"name":"Eurydike &#038; Orpheus 4: Fahrt \u00fcber den Styx"}]},{"@type":"WebSite","@id":"https:\/\/ana-carbia.de\/tanz\/de\/#website","url":"https:\/\/ana-carbia.de\/tanz\/de\/","name":"Ana Carbia \u00bb Tanz","description":"Am Anfang war alles Tanz...","potentialAction":[{"@type":"SearchAction","target":{"@type":"EntryPoint","urlTemplate":"https:\/\/ana-carbia.de\/tanz\/de\/?s={search_term_string}"},"query-input":{"@type":"PropertyValueSpecification","valueRequired":true,"valueName":"search_term_string"}}],"inLanguage":"de"},{"@type":"Person","@id":"https:\/\/ana-carbia.de\/tanz\/de\/#\/schema\/person\/f84e13bf8200cc4ffcb102ebfb6e36ad","name":"AnaCarbia","url":"https:\/\/ana-carbia.de\/tanz\/de\/author\/anacarbia\/"}]}},"_links":{"self":[{"href":"https:\/\/ana-carbia.de\/tanz\/de\/wp-json\/wp\/v2\/posts\/346"}],"collection":[{"href":"https:\/\/ana-carbia.de\/tanz\/de\/wp-json\/wp\/v2\/posts"}],"about":[{"href":"https:\/\/ana-carbia.de\/tanz\/de\/wp-json\/wp\/v2\/types\/post"}],"author":[{"embeddable":true,"href":"https:\/\/ana-carbia.de\/tanz\/de\/wp-json\/wp\/v2\/users\/1"}],"replies":[{"embeddable":true,"href":"https:\/\/ana-carbia.de\/tanz\/de\/wp-json\/wp\/v2\/comments?post=346"}],"version-history":[{"count":1,"href":"https:\/\/ana-carbia.de\/tanz\/de\/wp-json\/wp\/v2\/posts\/346\/revisions"}],"predecessor-version":[{"id":347,"href":"https:\/\/ana-carbia.de\/tanz\/de\/wp-json\/wp\/v2\/posts\/346\/revisions\/347"}],"wp:featuredmedia":[{"embeddable":true,"href":"https:\/\/ana-carbia.de\/tanz\/de\/wp-json\/wp\/v2\/media\/316"}],"wp:attachment":[{"href":"https:\/\/ana-carbia.de\/tanz\/de\/wp-json\/wp\/v2\/media?parent=346"}],"wp:term":[{"taxonomy":"category","embeddable":true,"href":"https:\/\/ana-carbia.de\/tanz\/de\/wp-json\/wp\/v2\/categories?post=346"},{"taxonomy":"post_tag","embeddable":true,"href":"https:\/\/ana-carbia.de\/tanz\/de\/wp-json\/wp\/v2\/tags?post=346"}],"curies":[{"name":"wp","href":"https:\/\/api.w.org\/{rel}","templated":true}]}}