{"id":371,"date":"2017-11-26T21:22:18","date_gmt":"2017-11-26T20:22:18","guid":{"rendered":"https:\/\/ana-carbia.de\/tanz\/de\/?p=371"},"modified":"2017-11-26T21:24:53","modified_gmt":"2017-11-26T20:24:53","slug":"exodus","status":"publish","type":"post","link":"https:\/\/ana-carbia.de\/tanz\/de\/exodus-ID-371\/","title":{"rendered":"Exodus"},"content":{"rendered":"<p>(Tanz)<\/p>\n<p>Konzept und Choreographie: Annalisa Maggiani<br \/>\nProjectionArt: Mario Morleo<br \/>\nLive Musik: Claudia Risch<br \/>\nPerformer: Annalisa Maggiani, Elke Postler, Angela Lexa, David Manuguerra, Antje Mehle, Alessandra Roticiani, Ana Carbia, Steffen Hofmeister, Chih-Ying-LIn<\/p>\n<p>Exodus bedeutet (altgriechisch \u1f14\u03be\u03bf\u03b4\u03bf\u03c2 ,Auszug\u2018, \u201aAusgang\u2018, daraus latein. Exodus) auch Exodos steht f\u00fcr Auswanderung oder Flucht vieler Menschen. In der Performance bewegt sich ein kollektiver K\u00f6rper zusammen, getrieben von M\u00e4chten die jenseits jedes Individuum stehen, hier hat niemand mehr einen Namen, die eigene individuelle Geschichte verschmelzt auf der Flucht, die wie ein Flut, alles wegsp\u00fclt. Wieviel Exodus haben wir schon in Fern-sehen verfolgt? Menschenmassen weggetrieben von Nuclear-Umwelt-Disaster, Krieg, Hungernot. Was passiert wenn den \u201eFl\u00fcchtingen\u201c ihre Geschichte\/Gesichter wieder bekommen w\u00fcrden?<\/p>\n<p>FUKUSHIMA THE AFTERMATH<br \/>\nAm 11. M\u00e4rz 2016 j\u00e4hrte sich die Reaktorkatastrophe von Fukushima zum f\u00fcnften Mal. Internationale K\u00fcnstler_innen aus Berlin setzten sich mit Konzerten, Performances, Installationen, Ausstellungen und Vortr\u00e4gen an diesem Tag f\u00fcr eine Energiewende ein. Zum 5. Jahrestag der Katastrophe gestalteten Akira Ando und Tsukasa Yajima &#8222;Fukushima &#8211; The Aftermath 2016&#8220; in Zusammenarbeit mit der WERKSTATT DER KULTUREN. Neben Auff\u00fchrungen von K\u00fcnstler_innen fanden auch Diskussionsrunden zum Thema Energiepolitik statt.<\/p>\n<p>Werkstatt der Kulturen, Berlin 2015<\/p>\n<p>&nbsp;<\/p>\n<p><a href=\"https:\/\/ana-carbia.de\/tanz\/de\/videos\/exodus-video\/\">Exodus Video<\/a><\/p>\n","protected":false},"excerpt":{"rendered":"<p>(Tanz) Konzept und Choreographie: Annalisa Maggiani ProjectionArt: Mario Morleo Live Musik: Claudia Risch Performer: Annalisa Maggiani, Elke Postler, Angela Lexa, David Manuguerra, Antje Mehle, Alessandra Roticiani, Ana Carbia, Steffen Hofmeister, [&hellip;]<\/p>\n","protected":false},"author":1,"featured_media":374,"comment_status":"open","ping_status":"open","sticky":false,"template":"","format":"standard","meta":{"footnotes":""},"categories":[14,8],"tags":[],"yoast_head":"<!-- This site is optimized with the Yoast SEO plugin v23.5 - https:\/\/yoast.com\/wordpress\/plugins\/seo\/ -->\n<title>Exodus &#187; Ana Carbia \u00bb Tanz<\/title>\n<meta name=\"robots\" content=\"index, follow, max-snippet:-1, max-image-preview:large, max-video-preview:-1\" \/>\n<link rel=\"canonical\" href=\"https:\/\/ana-carbia.de\/tanz\/de\/exodus-ID-371\/\" \/>\n<meta property=\"og:locale\" content=\"de_DE\" \/>\n<meta property=\"og:type\" content=\"article\" \/>\n<meta property=\"og:title\" content=\"Exodus &#187; Ana Carbia \u00bb Tanz\" \/>\n<meta property=\"og:description\" content=\"(Tanz) Konzept und Choreographie: Annalisa Maggiani ProjectionArt: Mario Morleo Live Musik: Claudia Risch Performer: Annalisa Maggiani, Elke Postler, Angela Lexa, David Manuguerra, Antje Mehle, Alessandra Roticiani, Ana Carbia, Steffen Hofmeister, [&hellip;]\" \/>\n<meta property=\"og:url\" content=\"https:\/\/ana-carbia.de\/tanz\/de\/exodus-ID-371\/\" \/>\n<meta property=\"og:site_name\" content=\"Ana Carbia \u00bb Tanz\" \/>\n<meta property=\"article:published_time\" content=\"2017-11-26T20:22:18+00:00\" \/>\n<meta property=\"article:modified_time\" content=\"2017-11-26T20:24:53+00:00\" \/>\n<meta property=\"og:image\" content=\"https:\/\/ana-carbia.de\/tanz\/de\/wp-content\/uploads\/sites\/2\/2017\/11\/ana-carbia-de_Exodus_1.jpg\" \/>\n\t<meta property=\"og:image:width\" content=\"3456\" \/>\n\t<meta property=\"og:image:height\" content=\"5184\" \/>\n\t<meta property=\"og:image:type\" content=\"image\/jpeg\" \/>\n<meta name=\"author\" content=\"AnaCarbia\" \/>\n<meta name=\"twitter:card\" content=\"summary_large_image\" \/>\n<meta name=\"twitter:label1\" content=\"Verfasst von\" \/>\n\t<meta name=\"twitter:data1\" content=\"AnaCarbia\" \/>\n\t<meta name=\"twitter:label2\" content=\"Gesch\u00e4tzte Lesezeit\" \/>\n\t<meta name=\"twitter:data2\" content=\"1\u00a0Minute\" \/>\n<script type=\"application\/ld+json\" class=\"yoast-schema-graph\">{\"@context\":\"https:\/\/schema.org\",\"@graph\":[{\"@type\":\"WebPage\",\"@id\":\"https:\/\/ana-carbia.de\/tanz\/de\/exodus-ID-371\/\",\"url\":\"https:\/\/ana-carbia.de\/tanz\/de\/exodus-ID-371\/\",\"name\":\"Exodus &#187; Ana Carbia \u00bb Tanz\",\"isPartOf\":{\"@id\":\"https:\/\/ana-carbia.de\/tanz\/de\/#website\"},\"primaryImageOfPage\":{\"@id\":\"https:\/\/ana-carbia.de\/tanz\/de\/exodus-ID-371\/#primaryimage\"},\"image\":{\"@id\":\"https:\/\/ana-carbia.de\/tanz\/de\/exodus-ID-371\/#primaryimage\"},\"thumbnailUrl\":\"https:\/\/ana-carbia.de\/tanz\/de\/wp-content\/uploads\/sites\/2\/2017\/11\/ana-carbia-de_Exodus_1.jpg\",\"datePublished\":\"2017-11-26T20:22:18+00:00\",\"dateModified\":\"2017-11-26T20:24:53+00:00\",\"author\":{\"@id\":\"https:\/\/ana-carbia.de\/tanz\/de\/#\/schema\/person\/f84e13bf8200cc4ffcb102ebfb6e36ad\"},\"breadcrumb\":{\"@id\":\"https:\/\/ana-carbia.de\/tanz\/de\/exodus-ID-371\/#breadcrumb\"},\"inLanguage\":\"de\",\"potentialAction\":[{\"@type\":\"ReadAction\",\"target\":[\"https:\/\/ana-carbia.de\/tanz\/de\/exodus-ID-371\/\"]}]},{\"@type\":\"ImageObject\",\"inLanguage\":\"de\",\"@id\":\"https:\/\/ana-carbia.de\/tanz\/de\/exodus-ID-371\/#primaryimage\",\"url\":\"https:\/\/ana-carbia.de\/tanz\/de\/wp-content\/uploads\/sites\/2\/2017\/11\/ana-carbia-de_Exodus_1.jpg\",\"contentUrl\":\"https:\/\/ana-carbia.de\/tanz\/de\/wp-content\/uploads\/sites\/2\/2017\/11\/ana-carbia-de_Exodus_1.jpg\",\"width\":3456,\"height\":5184},{\"@type\":\"BreadcrumbList\",\"@id\":\"https:\/\/ana-carbia.de\/tanz\/de\/exodus-ID-371\/#breadcrumb\",\"itemListElement\":[{\"@type\":\"ListItem\",\"position\":1,\"name\":\"Startseite\",\"item\":\"https:\/\/ana-carbia.de\/tanz\/de\/\"},{\"@type\":\"ListItem\",\"position\":2,\"name\":\"Exodus\"}]},{\"@type\":\"WebSite\",\"@id\":\"https:\/\/ana-carbia.de\/tanz\/de\/#website\",\"url\":\"https:\/\/ana-carbia.de\/tanz\/de\/\",\"name\":\"Ana Carbia \u00bb Tanz\",\"description\":\"Am Anfang war alles Tanz...\",\"potentialAction\":[{\"@type\":\"SearchAction\",\"target\":{\"@type\":\"EntryPoint\",\"urlTemplate\":\"https:\/\/ana-carbia.de\/tanz\/de\/?s={search_term_string}\"},\"query-input\":{\"@type\":\"PropertyValueSpecification\",\"valueRequired\":true,\"valueName\":\"search_term_string\"}}],\"inLanguage\":\"de\"},{\"@type\":\"Person\",\"@id\":\"https:\/\/ana-carbia.de\/tanz\/de\/#\/schema\/person\/f84e13bf8200cc4ffcb102ebfb6e36ad\",\"name\":\"AnaCarbia\",\"url\":\"https:\/\/ana-carbia.de\/tanz\/de\/author\/anacarbia\/\"}]}<\/script>\n<!-- \/ Yoast SEO plugin. -->","yoast_head_json":{"title":"Exodus &#187; Ana Carbia \u00bb Tanz","robots":{"index":"index","follow":"follow","max-snippet":"max-snippet:-1","max-image-preview":"max-image-preview:large","max-video-preview":"max-video-preview:-1"},"canonical":"https:\/\/ana-carbia.de\/tanz\/de\/exodus-ID-371\/","og_locale":"de_DE","og_type":"article","og_title":"Exodus &#187; Ana Carbia \u00bb Tanz","og_description":"(Tanz) Konzept und Choreographie: Annalisa Maggiani ProjectionArt: Mario Morleo Live Musik: Claudia Risch Performer: Annalisa Maggiani, Elke Postler, Angela Lexa, David Manuguerra, Antje Mehle, Alessandra Roticiani, Ana Carbia, Steffen Hofmeister, [&hellip;]","og_url":"https:\/\/ana-carbia.de\/tanz\/de\/exodus-ID-371\/","og_site_name":"Ana Carbia \u00bb Tanz","article_published_time":"2017-11-26T20:22:18+00:00","article_modified_time":"2017-11-26T20:24:53+00:00","og_image":[{"width":3456,"height":5184,"url":"https:\/\/ana-carbia.de\/tanz\/de\/wp-content\/uploads\/sites\/2\/2017\/11\/ana-carbia-de_Exodus_1.jpg","type":"image\/jpeg"}],"author":"AnaCarbia","twitter_card":"summary_large_image","twitter_misc":{"Verfasst von":"AnaCarbia","Gesch\u00e4tzte Lesezeit":"1\u00a0Minute"},"schema":{"@context":"https:\/\/schema.org","@graph":[{"@type":"WebPage","@id":"https:\/\/ana-carbia.de\/tanz\/de\/exodus-ID-371\/","url":"https:\/\/ana-carbia.de\/tanz\/de\/exodus-ID-371\/","name":"Exodus &#187; Ana Carbia \u00bb Tanz","isPartOf":{"@id":"https:\/\/ana-carbia.de\/tanz\/de\/#website"},"primaryImageOfPage":{"@id":"https:\/\/ana-carbia.de\/tanz\/de\/exodus-ID-371\/#primaryimage"},"image":{"@id":"https:\/\/ana-carbia.de\/tanz\/de\/exodus-ID-371\/#primaryimage"},"thumbnailUrl":"https:\/\/ana-carbia.de\/tanz\/de\/wp-content\/uploads\/sites\/2\/2017\/11\/ana-carbia-de_Exodus_1.jpg","datePublished":"2017-11-26T20:22:18+00:00","dateModified":"2017-11-26T20:24:53+00:00","author":{"@id":"https:\/\/ana-carbia.de\/tanz\/de\/#\/schema\/person\/f84e13bf8200cc4ffcb102ebfb6e36ad"},"breadcrumb":{"@id":"https:\/\/ana-carbia.de\/tanz\/de\/exodus-ID-371\/#breadcrumb"},"inLanguage":"de","potentialAction":[{"@type":"ReadAction","target":["https:\/\/ana-carbia.de\/tanz\/de\/exodus-ID-371\/"]}]},{"@type":"ImageObject","inLanguage":"de","@id":"https:\/\/ana-carbia.de\/tanz\/de\/exodus-ID-371\/#primaryimage","url":"https:\/\/ana-carbia.de\/tanz\/de\/wp-content\/uploads\/sites\/2\/2017\/11\/ana-carbia-de_Exodus_1.jpg","contentUrl":"https:\/\/ana-carbia.de\/tanz\/de\/wp-content\/uploads\/sites\/2\/2017\/11\/ana-carbia-de_Exodus_1.jpg","width":3456,"height":5184},{"@type":"BreadcrumbList","@id":"https:\/\/ana-carbia.de\/tanz\/de\/exodus-ID-371\/#breadcrumb","itemListElement":[{"@type":"ListItem","position":1,"name":"Startseite","item":"https:\/\/ana-carbia.de\/tanz\/de\/"},{"@type":"ListItem","position":2,"name":"Exodus"}]},{"@type":"WebSite","@id":"https:\/\/ana-carbia.de\/tanz\/de\/#website","url":"https:\/\/ana-carbia.de\/tanz\/de\/","name":"Ana Carbia \u00bb Tanz","description":"Am Anfang war alles Tanz...","potentialAction":[{"@type":"SearchAction","target":{"@type":"EntryPoint","urlTemplate":"https:\/\/ana-carbia.de\/tanz\/de\/?s={search_term_string}"},"query-input":{"@type":"PropertyValueSpecification","valueRequired":true,"valueName":"search_term_string"}}],"inLanguage":"de"},{"@type":"Person","@id":"https:\/\/ana-carbia.de\/tanz\/de\/#\/schema\/person\/f84e13bf8200cc4ffcb102ebfb6e36ad","name":"AnaCarbia","url":"https:\/\/ana-carbia.de\/tanz\/de\/author\/anacarbia\/"}]}},"_links":{"self":[{"href":"https:\/\/ana-carbia.de\/tanz\/de\/wp-json\/wp\/v2\/posts\/371"}],"collection":[{"href":"https:\/\/ana-carbia.de\/tanz\/de\/wp-json\/wp\/v2\/posts"}],"about":[{"href":"https:\/\/ana-carbia.de\/tanz\/de\/wp-json\/wp\/v2\/types\/post"}],"author":[{"embeddable":true,"href":"https:\/\/ana-carbia.de\/tanz\/de\/wp-json\/wp\/v2\/users\/1"}],"replies":[{"embeddable":true,"href":"https:\/\/ana-carbia.de\/tanz\/de\/wp-json\/wp\/v2\/comments?post=371"}],"version-history":[{"count":3,"href":"https:\/\/ana-carbia.de\/tanz\/de\/wp-json\/wp\/v2\/posts\/371\/revisions"}],"predecessor-version":[{"id":379,"href":"https:\/\/ana-carbia.de\/tanz\/de\/wp-json\/wp\/v2\/posts\/371\/revisions\/379"}],"wp:featuredmedia":[{"embeddable":true,"href":"https:\/\/ana-carbia.de\/tanz\/de\/wp-json\/wp\/v2\/media\/374"}],"wp:attachment":[{"href":"https:\/\/ana-carbia.de\/tanz\/de\/wp-json\/wp\/v2\/media?parent=371"}],"wp:term":[{"taxonomy":"category","embeddable":true,"href":"https:\/\/ana-carbia.de\/tanz\/de\/wp-json\/wp\/v2\/categories?post=371"},{"taxonomy":"post_tag","embeddable":true,"href":"https:\/\/ana-carbia.de\/tanz\/de\/wp-json\/wp\/v2\/tags?post=371"}],"curies":[{"name":"wp","href":"https:\/\/api.w.org\/{rel}","templated":true}]}}