{"id":394,"date":"2017-11-26T21:48:45","date_gmt":"2017-11-26T20:48:45","guid":{"rendered":"https:\/\/ana-carbia.de\/tanz\/de\/?p=394"},"modified":"2017-11-26T21:53:58","modified_gmt":"2017-11-26T20:53:58","slug":"sprechen-verboten","status":"publish","type":"post","link":"https:\/\/ana-carbia.de\/tanz\/de\/sprechen-verboten-ID-394\/","title":{"rendered":"Sprechen Verboten"},"content":{"rendered":"<p>(Tanz)<\/p>\n<p>Konzept\/Choreographie: Annalisa Maggiani<br \/>\nPerformer\/Choreographie: Annalisa Maggiani, Ana Carbia, Angela Lexa, Elke Postler, Annemarie Laber Livemusik:<br \/>\nClaudia Risch, Bassklarinette, Percussion<\/p>\n<p>Individuum \/ kollektiver K\u00f6rper ein ZusammenSpiel: Freiheit\/ Gebundenheit. Zusammen in einem Schicksal und doch allein\u2026 Die TAGE DES OFFENEN DENKMALS sind seit vielen Jahren ein wichtiger Termin f\u00fcr viele kulturinteressierte Menschen. In diesem Jahr \u00f6ffnet das ehemalige Frauengef\u00e4ngnis in Lichterfelde seine Tore &#8211; und der Kunstverein KUNST.RAUM.STEGLITZ. e.V. wird die R\u00e4ume das gesamte Wochenende \u00fcber &#8222;bespielen&#8220;. Im Zellentrakt gibt es zum Thema FREIHEIT eine Gemeinschaftsausstellung von Malern, Bildhauern, Fotografen etc. Auf dem gesamten Gel\u00e4nde gibt es Performances, Kunstaktionen, Musik und Lesungen. Insgesamt sind ca. 30 K\u00fcnstler beteiligt.<\/p>\n<p>Ehemaliges Frauengef\u00e4ngnis Lichterfelde, 2016 Berlin<\/p>\n<p>&nbsp;<\/p>\n<p><a href=\"https:\/\/ana-carbia.de\/tanz\/de\/videos\/sprechen-verboten-video\/\">Sprechen Verboten Video<\/a><\/p>\n","protected":false},"excerpt":{"rendered":"<p>(Tanz) Konzept\/Choreographie: Annalisa Maggiani Performer\/Choreographie: Annalisa Maggiani, Ana Carbia, Angela Lexa, Elke Postler, Annemarie Laber Livemusik: Claudia Risch, Bassklarinette, Percussion Individuum \/ kollektiver K\u00f6rper ein ZusammenSpiel: Freiheit\/ Gebundenheit. Zusammen in [&hellip;]<\/p>\n","protected":false},"author":1,"featured_media":398,"comment_status":"open","ping_status":"open","sticky":false,"template":"","format":"standard","meta":{"footnotes":""},"categories":[14,8],"tags":[],"yoast_head":"<!-- This site is optimized with the Yoast SEO plugin v23.5 - https:\/\/yoast.com\/wordpress\/plugins\/seo\/ -->\n<title>Sprechen Verboten &#187; Ana Carbia \u00bb Tanz<\/title>\n<meta name=\"robots\" content=\"index, follow, max-snippet:-1, max-image-preview:large, max-video-preview:-1\" \/>\n<link rel=\"canonical\" href=\"https:\/\/ana-carbia.de\/tanz\/de\/sprechen-verboten-ID-394\/\" \/>\n<meta property=\"og:locale\" content=\"de_DE\" \/>\n<meta property=\"og:type\" content=\"article\" \/>\n<meta property=\"og:title\" content=\"Sprechen Verboten &#187; Ana Carbia \u00bb Tanz\" \/>\n<meta property=\"og:description\" content=\"(Tanz) Konzept\/Choreographie: Annalisa Maggiani Performer\/Choreographie: Annalisa Maggiani, Ana Carbia, Angela Lexa, Elke Postler, Annemarie Laber Livemusik: Claudia Risch, Bassklarinette, Percussion Individuum \/ kollektiver K\u00f6rper ein ZusammenSpiel: Freiheit\/ Gebundenheit. Zusammen in [&hellip;]\" \/>\n<meta property=\"og:url\" content=\"https:\/\/ana-carbia.de\/tanz\/de\/sprechen-verboten-ID-394\/\" \/>\n<meta property=\"og:site_name\" content=\"Ana Carbia \u00bb Tanz\" \/>\n<meta property=\"article:published_time\" content=\"2017-11-26T20:48:45+00:00\" \/>\n<meta property=\"article:modified_time\" content=\"2017-11-26T20:53:58+00:00\" \/>\n<meta property=\"og:image\" content=\"https:\/\/ana-carbia.de\/tanz\/de\/wp-content\/uploads\/sites\/2\/2017\/11\/ana-carbia-de_SprechenVerboten_5.png\" \/>\n\t<meta property=\"og:image:width\" content=\"1280\" \/>\n\t<meta property=\"og:image:height\" content=\"720\" \/>\n\t<meta property=\"og:image:type\" content=\"image\/png\" \/>\n<meta name=\"author\" content=\"AnaCarbia\" \/>\n<meta name=\"twitter:card\" content=\"summary_large_image\" \/>\n<meta name=\"twitter:label1\" content=\"Verfasst von\" \/>\n\t<meta name=\"twitter:data1\" content=\"AnaCarbia\" \/>\n\t<meta name=\"twitter:label2\" content=\"Gesch\u00e4tzte Lesezeit\" \/>\n\t<meta name=\"twitter:data2\" content=\"1\u00a0Minute\" \/>\n<script type=\"application\/ld+json\" class=\"yoast-schema-graph\">{\"@context\":\"https:\/\/schema.org\",\"@graph\":[{\"@type\":\"WebPage\",\"@id\":\"https:\/\/ana-carbia.de\/tanz\/de\/sprechen-verboten-ID-394\/\",\"url\":\"https:\/\/ana-carbia.de\/tanz\/de\/sprechen-verboten-ID-394\/\",\"name\":\"Sprechen Verboten &#187; Ana Carbia \u00bb Tanz\",\"isPartOf\":{\"@id\":\"https:\/\/ana-carbia.de\/tanz\/de\/#website\"},\"primaryImageOfPage\":{\"@id\":\"https:\/\/ana-carbia.de\/tanz\/de\/sprechen-verboten-ID-394\/#primaryimage\"},\"image\":{\"@id\":\"https:\/\/ana-carbia.de\/tanz\/de\/sprechen-verboten-ID-394\/#primaryimage\"},\"thumbnailUrl\":\"https:\/\/ana-carbia.de\/tanz\/de\/wp-content\/uploads\/sites\/2\/2017\/11\/ana-carbia-de_SprechenVerboten_5.png\",\"datePublished\":\"2017-11-26T20:48:45+00:00\",\"dateModified\":\"2017-11-26T20:53:58+00:00\",\"author\":{\"@id\":\"https:\/\/ana-carbia.de\/tanz\/de\/#\/schema\/person\/f84e13bf8200cc4ffcb102ebfb6e36ad\"},\"breadcrumb\":{\"@id\":\"https:\/\/ana-carbia.de\/tanz\/de\/sprechen-verboten-ID-394\/#breadcrumb\"},\"inLanguage\":\"de\",\"potentialAction\":[{\"@type\":\"ReadAction\",\"target\":[\"https:\/\/ana-carbia.de\/tanz\/de\/sprechen-verboten-ID-394\/\"]}]},{\"@type\":\"ImageObject\",\"inLanguage\":\"de\",\"@id\":\"https:\/\/ana-carbia.de\/tanz\/de\/sprechen-verboten-ID-394\/#primaryimage\",\"url\":\"https:\/\/ana-carbia.de\/tanz\/de\/wp-content\/uploads\/sites\/2\/2017\/11\/ana-carbia-de_SprechenVerboten_5.png\",\"contentUrl\":\"https:\/\/ana-carbia.de\/tanz\/de\/wp-content\/uploads\/sites\/2\/2017\/11\/ana-carbia-de_SprechenVerboten_5.png\",\"width\":1280,\"height\":720},{\"@type\":\"BreadcrumbList\",\"@id\":\"https:\/\/ana-carbia.de\/tanz\/de\/sprechen-verboten-ID-394\/#breadcrumb\",\"itemListElement\":[{\"@type\":\"ListItem\",\"position\":1,\"name\":\"Startseite\",\"item\":\"https:\/\/ana-carbia.de\/tanz\/de\/\"},{\"@type\":\"ListItem\",\"position\":2,\"name\":\"Sprechen Verboten\"}]},{\"@type\":\"WebSite\",\"@id\":\"https:\/\/ana-carbia.de\/tanz\/de\/#website\",\"url\":\"https:\/\/ana-carbia.de\/tanz\/de\/\",\"name\":\"Ana Carbia \u00bb Tanz\",\"description\":\"Am Anfang war alles Tanz...\",\"potentialAction\":[{\"@type\":\"SearchAction\",\"target\":{\"@type\":\"EntryPoint\",\"urlTemplate\":\"https:\/\/ana-carbia.de\/tanz\/de\/?s={search_term_string}\"},\"query-input\":{\"@type\":\"PropertyValueSpecification\",\"valueRequired\":true,\"valueName\":\"search_term_string\"}}],\"inLanguage\":\"de\"},{\"@type\":\"Person\",\"@id\":\"https:\/\/ana-carbia.de\/tanz\/de\/#\/schema\/person\/f84e13bf8200cc4ffcb102ebfb6e36ad\",\"name\":\"AnaCarbia\",\"url\":\"https:\/\/ana-carbia.de\/tanz\/de\/author\/anacarbia\/\"}]}<\/script>\n<!-- \/ Yoast SEO plugin. -->","yoast_head_json":{"title":"Sprechen Verboten &#187; Ana Carbia \u00bb Tanz","robots":{"index":"index","follow":"follow","max-snippet":"max-snippet:-1","max-image-preview":"max-image-preview:large","max-video-preview":"max-video-preview:-1"},"canonical":"https:\/\/ana-carbia.de\/tanz\/de\/sprechen-verboten-ID-394\/","og_locale":"de_DE","og_type":"article","og_title":"Sprechen Verboten &#187; Ana Carbia \u00bb Tanz","og_description":"(Tanz) Konzept\/Choreographie: Annalisa Maggiani Performer\/Choreographie: Annalisa Maggiani, Ana Carbia, Angela Lexa, Elke Postler, Annemarie Laber Livemusik: Claudia Risch, Bassklarinette, Percussion Individuum \/ kollektiver K\u00f6rper ein ZusammenSpiel: Freiheit\/ Gebundenheit. Zusammen in [&hellip;]","og_url":"https:\/\/ana-carbia.de\/tanz\/de\/sprechen-verboten-ID-394\/","og_site_name":"Ana Carbia \u00bb Tanz","article_published_time":"2017-11-26T20:48:45+00:00","article_modified_time":"2017-11-26T20:53:58+00:00","og_image":[{"width":1280,"height":720,"url":"https:\/\/ana-carbia.de\/tanz\/de\/wp-content\/uploads\/sites\/2\/2017\/11\/ana-carbia-de_SprechenVerboten_5.png","type":"image\/png"}],"author":"AnaCarbia","twitter_card":"summary_large_image","twitter_misc":{"Verfasst von":"AnaCarbia","Gesch\u00e4tzte Lesezeit":"1\u00a0Minute"},"schema":{"@context":"https:\/\/schema.org","@graph":[{"@type":"WebPage","@id":"https:\/\/ana-carbia.de\/tanz\/de\/sprechen-verboten-ID-394\/","url":"https:\/\/ana-carbia.de\/tanz\/de\/sprechen-verboten-ID-394\/","name":"Sprechen Verboten &#187; Ana Carbia \u00bb Tanz","isPartOf":{"@id":"https:\/\/ana-carbia.de\/tanz\/de\/#website"},"primaryImageOfPage":{"@id":"https:\/\/ana-carbia.de\/tanz\/de\/sprechen-verboten-ID-394\/#primaryimage"},"image":{"@id":"https:\/\/ana-carbia.de\/tanz\/de\/sprechen-verboten-ID-394\/#primaryimage"},"thumbnailUrl":"https:\/\/ana-carbia.de\/tanz\/de\/wp-content\/uploads\/sites\/2\/2017\/11\/ana-carbia-de_SprechenVerboten_5.png","datePublished":"2017-11-26T20:48:45+00:00","dateModified":"2017-11-26T20:53:58+00:00","author":{"@id":"https:\/\/ana-carbia.de\/tanz\/de\/#\/schema\/person\/f84e13bf8200cc4ffcb102ebfb6e36ad"},"breadcrumb":{"@id":"https:\/\/ana-carbia.de\/tanz\/de\/sprechen-verboten-ID-394\/#breadcrumb"},"inLanguage":"de","potentialAction":[{"@type":"ReadAction","target":["https:\/\/ana-carbia.de\/tanz\/de\/sprechen-verboten-ID-394\/"]}]},{"@type":"ImageObject","inLanguage":"de","@id":"https:\/\/ana-carbia.de\/tanz\/de\/sprechen-verboten-ID-394\/#primaryimage","url":"https:\/\/ana-carbia.de\/tanz\/de\/wp-content\/uploads\/sites\/2\/2017\/11\/ana-carbia-de_SprechenVerboten_5.png","contentUrl":"https:\/\/ana-carbia.de\/tanz\/de\/wp-content\/uploads\/sites\/2\/2017\/11\/ana-carbia-de_SprechenVerboten_5.png","width":1280,"height":720},{"@type":"BreadcrumbList","@id":"https:\/\/ana-carbia.de\/tanz\/de\/sprechen-verboten-ID-394\/#breadcrumb","itemListElement":[{"@type":"ListItem","position":1,"name":"Startseite","item":"https:\/\/ana-carbia.de\/tanz\/de\/"},{"@type":"ListItem","position":2,"name":"Sprechen Verboten"}]},{"@type":"WebSite","@id":"https:\/\/ana-carbia.de\/tanz\/de\/#website","url":"https:\/\/ana-carbia.de\/tanz\/de\/","name":"Ana Carbia \u00bb Tanz","description":"Am Anfang war alles Tanz...","potentialAction":[{"@type":"SearchAction","target":{"@type":"EntryPoint","urlTemplate":"https:\/\/ana-carbia.de\/tanz\/de\/?s={search_term_string}"},"query-input":{"@type":"PropertyValueSpecification","valueRequired":true,"valueName":"search_term_string"}}],"inLanguage":"de"},{"@type":"Person","@id":"https:\/\/ana-carbia.de\/tanz\/de\/#\/schema\/person\/f84e13bf8200cc4ffcb102ebfb6e36ad","name":"AnaCarbia","url":"https:\/\/ana-carbia.de\/tanz\/de\/author\/anacarbia\/"}]}},"_links":{"self":[{"href":"https:\/\/ana-carbia.de\/tanz\/de\/wp-json\/wp\/v2\/posts\/394"}],"collection":[{"href":"https:\/\/ana-carbia.de\/tanz\/de\/wp-json\/wp\/v2\/posts"}],"about":[{"href":"https:\/\/ana-carbia.de\/tanz\/de\/wp-json\/wp\/v2\/types\/post"}],"author":[{"embeddable":true,"href":"https:\/\/ana-carbia.de\/tanz\/de\/wp-json\/wp\/v2\/users\/1"}],"replies":[{"embeddable":true,"href":"https:\/\/ana-carbia.de\/tanz\/de\/wp-json\/wp\/v2\/comments?post=394"}],"version-history":[{"count":4,"href":"https:\/\/ana-carbia.de\/tanz\/de\/wp-json\/wp\/v2\/posts\/394\/revisions"}],"predecessor-version":[{"id":406,"href":"https:\/\/ana-carbia.de\/tanz\/de\/wp-json\/wp\/v2\/posts\/394\/revisions\/406"}],"wp:featuredmedia":[{"embeddable":true,"href":"https:\/\/ana-carbia.de\/tanz\/de\/wp-json\/wp\/v2\/media\/398"}],"wp:attachment":[{"href":"https:\/\/ana-carbia.de\/tanz\/de\/wp-json\/wp\/v2\/media?parent=394"}],"wp:term":[{"taxonomy":"category","embeddable":true,"href":"https:\/\/ana-carbia.de\/tanz\/de\/wp-json\/wp\/v2\/categories?post=394"},{"taxonomy":"post_tag","embeddable":true,"href":"https:\/\/ana-carbia.de\/tanz\/de\/wp-json\/wp\/v2\/tags?post=394"}],"curies":[{"name":"wp","href":"https:\/\/api.w.org\/{rel}","templated":true}]}}